{"id":14074,"date":"2024-05-16T16:43:53","date_gmt":"2024-05-16T16:43:53","guid":{"rendered":"https:\/\/nhcoa.org\/es\/?p=14074"},"modified":"2024-05-16T16:43:55","modified_gmt":"2024-05-16T16:43:55","slug":"mes-de-los-adultos-mayores-un-llamado-a-cerrar-la-brecha-digital","status":"publish","type":"post","link":"https:\/\/nhcoa.org\/es\/mes-de-los-adultos-mayores-un-llamado-a-cerrar-la-brecha-digital\/","title":{"rendered":"Mes de los Adultos Mayores: Un llamado a cerrar la Brecha Digital"},"content":{"rendered":"\n<figure class=\"wp-block-image aligncenter size-large is-resized\"><img loading=\"lazy\" decoding=\"async\" width=\"1024\" height=\"576\" src=\"https:\/\/nhcoa.org\/es\/wp-content\/uploads\/2024\/05\/Blog-header-2024-05-16T102607.487-1024x576.png\" alt=\"\" class=\"wp-image-14071\" style=\"width:550px\" srcset=\"https:\/\/nhcoa.org\/es\/wp-content\/uploads\/2024\/05\/Blog-header-2024-05-16T102607.487-980x551.png 980w, https:\/\/nhcoa.org\/es\/wp-content\/uploads\/2024\/05\/Blog-header-2024-05-16T102607.487-480x270.png 480w\" sizes=\"(min-width: 0px) and (max-width: 480px) 480px, (min-width: 481px) and (max-width: 980px) 980px, (min-width: 981px) 1024px, 100vw\" \/><\/figure>\n\n\n\n<p class=\"has-black-color has-text-color has-link-color wp-elements-1 wp-block-paragraph\" style=\"font-size:15px\"><\/p>\n\n\n\n<p class=\"has-black-color has-text-color has-link-color wp-elements-2 wp-block-paragraph\" style=\"font-size:15px\">Ha llegado el <strong>Mes de los Adultos Mayores<\/strong>, un momento del a\u00f1o en el que <strong>honramos las contribuciones de los mayores a la sociedad y consideramos las circunstancias con las que actualmente envejecen<\/strong>. Expertos y organizaciones dentro del campo del envejecimiento, como NHCOA y nuestro frecuente colaborador, la <strong>Administraci\u00f3n para la Vida Comunitaria (ACL)<\/strong>, creen que debemos una gran atenci\u00f3n y esfuerzo para asegurar que estos miembros de la comunidad envejezcan c\u00f3modamente, y con dignidad.<\/p>\n\n\n\n<p class=\"has-black-color has-text-color has-link-color wp-elements-3 wp-block-paragraph\" style=\"font-size:15px\">ACL ha declarado que el tema de este Mes de los Adultos Mayores sea \u00abPowered by Connection\u00bb (\u00ab<strong>Potenciado por la conexi\u00f3n<\/strong>\u00bb), para enfatizar el incre\u00edble impacto que las conexiones s\u00f3lidas con otras personas pueden tener en la salud de un adulto mayor. Espec\u00edficamente, <strong>mantener fuertes conexiones con sus seres queridos y la comunidad puede tener un profundo impacto en la longevidad y la salud general de los adultos mayores<\/strong>, ya que previene los sentimientos de soledad y aislamiento social. <a href=\"https:\/\/nhcoa.org\/es\/mes-de-la-concientizacion-sobre-la-salud-mental-un-recordatorio-para-mantenerse-conectado\/\">En nuestro blog anterior sobre el Aislamiento social y la soledad,<\/a> exploramos m\u00e9todos para conectar con los dem\u00e1s, pero muchos de los m\u00e9todos m\u00e1s sencillos dependen de la tecnolog\u00eda.<\/p>\n\n\n\n<p class=\"has-black-color has-text-color has-link-color wp-elements-4 wp-block-paragraph\" style=\"font-size:15px\">Aunque muchos adultos mayores se han acostumbrado a usar el Internet, todav\u00eda hay sectores grandes de la poblaci\u00f3n de adultos mayores que luchan con la alfabetizaci\u00f3n digital. En las \u00faltimas dos d\u00e9cadas, hemos sido testigos de un cambio masivo en la forma en que socializamos, trabajamos, compramos, etc., que ha pasado a depender en gran medida de la tecnolog\u00eda y de Internet. Desde la pandemia de COVID-19, hemos visto c\u00f3mo ese cambio se extend\u00eda tambi\u00e9n a nuestro sistema m\u00e9dico, e incluso a las formas en que recibimos beneficios para acceder a ese sistema. <strong>Mientras que para muchos de nosotros este cambio resulta c\u00f3modo, para otros ha supuesto un ajuste brutal que ha impedido el acceso a los servicios necesarios y a las herramientas de comunicaci\u00f3n.<\/strong> Esto se conoce m\u00e1s com\u00fanmente como brecha digital, y su impacto se debe tanto a los bajos niveles de alfabetizaci\u00f3n tecnol\u00f3gica como a la falta de acceso a los servicios de Internet.<\/p>\n\n\n\n<p class=\"has-black-color has-text-color has-link-color wp-elements-5 wp-block-paragraph\" style=\"font-size:15px\">Existen iniciativas para superar la brecha digital, entre ellas organizaciones como NHCOA, que trabajan en el campo del envejecimiento.<strong> Desde 2021, AT&amp;T se ha comprometido a destinar 5.000 millones de d\u00f3lares a la prestaci\u00f3n de servicios de Internet a precios reducidos y a programas que mejoren la alfabetizaci\u00f3n digital.<\/strong> Esfuerzos como estos son los que necesitamos ver en mayor medida como pa\u00eds, para que podamos cerrar la brecha digital y permitir un acceso conveniente para todos, incluidos los adultos mayores y otras comunidades desfavorecidas que luchan por encontrar acceso a Internet.<\/p>\n\n\n\n<p class=\"has-black-color has-text-color has-link-color wp-elements-6 wp-block-paragraph\" style=\"font-size:15px\">Es necesario fomentar el di\u00e1logo sobre esta problem\u00e1tica tan poco abordada. El poder de la conexi\u00f3n es inmenso, pero s\u00f3lo cuando es accesible. Piensa en las personas mayores de tu comunidad y en si tienen conocimientos digitales, acceso a Internet en casa o saben d\u00f3nde acceder en lugares p\u00fablicos. En este Mes de los Adultos Mayores, reflexionemos sobre el valor de la conexi\u00f3n y los obst\u00e1culos que impiden a los mayores disfrutar de sus ventajas. La visi\u00f3n ideal de <strong>una sociedad en la que los adultos mayores puedan envejecer con comodidad y dignidad es un esfuerzo intersectorial, especialmente cuando se trata de una atenci\u00f3n de salud igualitaria. Para que la atenci\u00f3n m\u00e9dica sea equitativa para todos los grupos demogr\u00e1ficos, no puede ignorarse el obst\u00e1culo de la brecha digital.<\/strong><\/p>\n\n\n\n<p class=\"wp-block-paragraph\"><\/p>\n\n\n\n<p class=\"has-black-color has-text-color has-link-color wp-elements-7 wp-block-paragraph\" style=\"font-size:15px\"><strong>Fuentes:<\/strong><\/p>\n\n\n\n<p class=\"has-black-color has-text-color has-link-color wp-elements-8 wp-block-paragraph\">\u201cOlder Americans Month 2024,\u201d Older Americans Month 2024: Powered by Connection. Administration for Community Living. <a href=\"https:\/\/acl.gov\/oam\/2024\/older-americans-month-2024\">https:\/\/acl.gov\/oam\/2024\/older-americans-month-2024<\/a><\/p>\n\n\n\n<p class=\"has-black-color has-text-color has-link-color wp-elements-9 wp-block-paragraph\">\u201cAT&amp;T Commitment to Help Close the Digital Divide Increases to $5 Billion,\u201d AT&amp;T Newsroom. AT&amp;T. <a href=\"https:\/\/about.att.com\/story\/2024\/digital-divide-recommitment.html\">https:\/\/about.att.com\/story\/2024\/digital-divide-recommitment.html<\/a><\/p>\n","protected":false},"excerpt":{"rendered":"<p>Ha llegado el Mes de los Adultos Mayores, un momento del a\u00f1o en el que honramos las contribuciones de los mayores a la sociedad y consideramos las circunstancias con las que actualmente envejecen. Expertos y organizaciones dentro del campo del envejecimiento, como NHCOA y nuestro frecuente colaborador, la Administraci\u00f3n para la Vida Comunitaria (ACL), creen [&hellip;]<\/p>\n","protected":false},"author":2,"featured_media":14071,"comment_status":"closed","ping_status":"closed","sticky":false,"template":"","format":"standard","meta":{"_et_pb_use_builder":"off","_et_pb_old_content":"","_et_gb_content_width":"","cybocfi_hide_featured_image":"yes","footnotes":""},"categories":[9],"tags":[270,22,272,274,109,273],"class_list":["post-14074","post","type-post","status-publish","format-standard","has-post-thumbnail","hentry","category-blog","tag-acl","tag-adultos-mayores","tag-brecha-digital","tag-celebracion","tag-mes-del-adulto-mayor","tag-tecnologia"],"yoast_head":"<!-- This site is optimized with the Yoast SEO plugin v28.4 - https:\/\/yoast.com\/product\/yoast-seo-wordpress\/ -->\n<title>Mes de los Adultos Mayores: Un llamado a cerrar la Brecha Digital - NHCOA<\/title>\n<meta name=\"robots\" content=\"index, follow, max-snippet:-1, max-image-preview:large, max-video-preview:-1\" \/>\n<link rel=\"canonical\" href=\"https:\/\/nhcoa.org\/es\/mes-de-los-adultos-mayores-un-llamado-a-cerrar-la-brecha-digital\/\" \/>\n<meta property=\"og:locale\" content=\"en_US\" \/>\n<meta property=\"og:type\" content=\"article\" \/>\n<meta property=\"og:title\" content=\"Mes de los Adultos Mayores: Un llamado a cerrar la Brecha Digital - NHCOA\" \/>\n<meta property=\"og:description\" content=\"Ha llegado el Mes de los Adultos Mayores, un momento del a\u00f1o en el que honramos las contribuciones de los mayores a la sociedad y consideramos las circunstancias con las que actualmente envejecen. Expertos y organizaciones dentro del campo del envejecimiento, como NHCOA y nuestro frecuente colaborador, la Administraci\u00f3n para la Vida Comunitaria (ACL), creen [&hellip;]\" \/>\n<meta property=\"og:url\" content=\"https:\/\/nhcoa.org\/es\/mes-de-los-adultos-mayores-un-llamado-a-cerrar-la-brecha-digital\/\" \/>\n<meta property=\"og:site_name\" content=\"NHCOA\" \/>\n<meta property=\"article:published_time\" content=\"2024-05-16T16:43:53+00:00\" \/>\n<meta property=\"article:modified_time\" content=\"2024-05-16T16:43:55+00:00\" \/>\n<meta property=\"og:image\" content=\"https:\/\/nhcoa.org\/es\/wp-content\/uploads\/2024\/05\/Blog-header-2024-05-16T102607.487.png\" \/>\n\t<meta property=\"og:image:width\" content=\"1600\" \/>\n\t<meta property=\"og:image:height\" content=\"900\" \/>\n\t<meta property=\"og:image:type\" content=\"image\/png\" \/>\n<meta name=\"author\" content=\"nhcoa_media\" \/>\n<meta name=\"twitter:card\" content=\"summary_large_image\" \/>\n<meta name=\"twitter:label1\" content=\"Written by\" \/>\n\t<meta name=\"twitter:data1\" content=\"nhcoa_media\" \/>\n\t<meta name=\"twitter:label2\" content=\"Est. reading time\" \/>\n\t<meta name=\"twitter:data2\" content=\"3 minutes\" \/>\n<script type=\"application\/ld+json\" class=\"yoast-schema-graph\">{\"@context\":\"https:\\\/\\\/schema.org\",\"@graph\":[{\"@type\":\"Article\",\"@id\":\"https:\\\/\\\/nhcoa.org\\\/es\\\/mes-de-los-adultos-mayores-un-llamado-a-cerrar-la-brecha-digital\\\/#article\",\"isPartOf\":{\"@id\":\"https:\\\/\\\/nhcoa.org\\\/es\\\/mes-de-los-adultos-mayores-un-llamado-a-cerrar-la-brecha-digital\\\/\"},\"author\":{\"name\":\"nhcoa_media\",\"@id\":\"https:\\\/\\\/nhcoa.org\\\/es\\\/#\\\/schema\\\/person\\\/af97334cbd12a949fea7291405d4a890\"},\"headline\":\"Mes de los Adultos Mayores: Un llamado a cerrar la Brecha Digital\",\"datePublished\":\"2024-05-16T16:43:53+00:00\",\"dateModified\":\"2024-05-16T16:43:55+00:00\",\"mainEntityOfPage\":{\"@id\":\"https:\\\/\\\/nhcoa.org\\\/es\\\/mes-de-los-adultos-mayores-un-llamado-a-cerrar-la-brecha-digital\\\/\"},\"wordCount\":663,\"image\":{\"@id\":\"https:\\\/\\\/nhcoa.org\\\/es\\\/mes-de-los-adultos-mayores-un-llamado-a-cerrar-la-brecha-digital\\\/#primaryimage\"},\"thumbnailUrl\":\"https:\\\/\\\/nhcoa.org\\\/es\\\/wp-content\\\/uploads\\\/2024\\\/05\\\/Blog-header-2024-05-16T102607.487.png\",\"keywords\":[\"ACL\",\"adultos mayores\",\"brecha digital\",\"celebraci\u00f3n\",\"Mes del Adulto Mayor\",\"tecnolog\u00eda\"],\"articleSection\":[\"Blog\"],\"inLanguage\":\"en-US\"},{\"@type\":\"WebPage\",\"@id\":\"https:\\\/\\\/nhcoa.org\\\/es\\\/mes-de-los-adultos-mayores-un-llamado-a-cerrar-la-brecha-digital\\\/\",\"url\":\"https:\\\/\\\/nhcoa.org\\\/es\\\/mes-de-los-adultos-mayores-un-llamado-a-cerrar-la-brecha-digital\\\/\",\"name\":\"Mes de los Adultos Mayores: Un llamado a cerrar la Brecha Digital - NHCOA\",\"isPartOf\":{\"@id\":\"https:\\\/\\\/nhcoa.org\\\/es\\\/#website\"},\"primaryImageOfPage\":{\"@id\":\"https:\\\/\\\/nhcoa.org\\\/es\\\/mes-de-los-adultos-mayores-un-llamado-a-cerrar-la-brecha-digital\\\/#primaryimage\"},\"image\":{\"@id\":\"https:\\\/\\\/nhcoa.org\\\/es\\\/mes-de-los-adultos-mayores-un-llamado-a-cerrar-la-brecha-digital\\\/#primaryimage\"},\"thumbnailUrl\":\"https:\\\/\\\/nhcoa.org\\\/es\\\/wp-content\\\/uploads\\\/2024\\\/05\\\/Blog-header-2024-05-16T102607.487.png\",\"datePublished\":\"2024-05-16T16:43:53+00:00\",\"dateModified\":\"2024-05-16T16:43:55+00:00\",\"author\":{\"@id\":\"https:\\\/\\\/nhcoa.org\\\/es\\\/#\\\/schema\\\/person\\\/af97334cbd12a949fea7291405d4a890\"},\"breadcrumb\":{\"@id\":\"https:\\\/\\\/nhcoa.org\\\/es\\\/mes-de-los-adultos-mayores-un-llamado-a-cerrar-la-brecha-digital\\\/#breadcrumb\"},\"inLanguage\":\"en-US\",\"potentialAction\":[{\"@type\":\"ReadAction\",\"target\":[\"https:\\\/\\\/nhcoa.org\\\/es\\\/mes-de-los-adultos-mayores-un-llamado-a-cerrar-la-brecha-digital\\\/\"]}]},{\"@type\":\"BreadcrumbList\",\"@id\":\"https:\\\/\\\/nhcoa.org\\\/es\\\/mes-de-los-adultos-mayores-un-llamado-a-cerrar-la-brecha-digital\\\/#breadcrumb\",\"itemListElement\":[{\"@type\":\"ListItem\",\"position\":1,\"name\":\"Home\",\"item\":\"https:\\\/\\\/nhcoa.org\\\/es\\\/\"},{\"@type\":\"ListItem\",\"position\":2,\"name\":\"Mes de los Adultos Mayores: Un llamado a cerrar la Brecha Digital\"}]},{\"@type\":\"WebSite\",\"@id\":\"https:\\\/\\\/nhcoa.org\\\/es\\\/#website\",\"url\":\"https:\\\/\\\/nhcoa.org\\\/es\\\/\",\"name\":\"NHCOA\",\"description\":\"Improving lives of hispanic and latino older adults.\",\"potentialAction\":[{\"@type\":\"SearchAction\",\"target\":{\"@type\":\"EntryPoint\",\"urlTemplate\":\"https:\\\/\\\/nhcoa.org\\\/es\\\/?s={search_term_string}\"},\"query-input\":{\"@type\":\"PropertyValueSpecification\",\"valueRequired\":true,\"valueName\":\"search_term_string\"}}],\"inLanguage\":\"en-US\"},{\"@type\":\"Person\",\"@id\":\"https:\\\/\\\/nhcoa.org\\\/es\\\/#\\\/schema\\\/person\\\/af97334cbd12a949fea7291405d4a890\",\"name\":\"nhcoa_media\",\"url\":\"https:\\\/\\\/nhcoa.org\\\/es\\\/author\\\/nhcoa_media\\\/\"}]}<\/script>\n<!-- \/ Yoast SEO plugin. -->","yoast_head_json":{"title":"Mes de los Adultos Mayores: Un llamado a cerrar la Brecha Digital - NHCOA","robots":{"index":"index","follow":"follow","max-snippet":"max-snippet:-1","max-image-preview":"max-image-preview:large","max-video-preview":"max-video-preview:-1"},"canonical":"https:\/\/nhcoa.org\/es\/mes-de-los-adultos-mayores-un-llamado-a-cerrar-la-brecha-digital\/","og_locale":"en_US","og_type":"article","og_title":"Mes de los Adultos Mayores: Un llamado a cerrar la Brecha Digital - NHCOA","og_description":"Ha llegado el Mes de los Adultos Mayores, un momento del a\u00f1o en el que honramos las contribuciones de los mayores a la sociedad y consideramos las circunstancias con las que actualmente envejecen. Expertos y organizaciones dentro del campo del envejecimiento, como NHCOA y nuestro frecuente colaborador, la Administraci\u00f3n para la Vida Comunitaria (ACL), creen [&hellip;]","og_url":"https:\/\/nhcoa.org\/es\/mes-de-los-adultos-mayores-un-llamado-a-cerrar-la-brecha-digital\/","og_site_name":"NHCOA","article_published_time":"2024-05-16T16:43:53+00:00","article_modified_time":"2024-05-16T16:43:55+00:00","og_image":[{"width":1600,"height":900,"url":"https:\/\/nhcoa.org\/es\/wp-content\/uploads\/2024\/05\/Blog-header-2024-05-16T102607.487.png","type":"image\/png"}],"author":"nhcoa_media","twitter_card":"summary_large_image","twitter_misc":{"Written by":"nhcoa_media","Est. reading time":"3 minutes"},"schema":{"@context":"https:\/\/schema.org","@graph":[{"@type":"Article","@id":"https:\/\/nhcoa.org\/es\/mes-de-los-adultos-mayores-un-llamado-a-cerrar-la-brecha-digital\/#article","isPartOf":{"@id":"https:\/\/nhcoa.org\/es\/mes-de-los-adultos-mayores-un-llamado-a-cerrar-la-brecha-digital\/"},"author":{"name":"nhcoa_media","@id":"https:\/\/nhcoa.org\/es\/#\/schema\/person\/af97334cbd12a949fea7291405d4a890"},"headline":"Mes de los Adultos Mayores: Un llamado a cerrar la Brecha Digital","datePublished":"2024-05-16T16:43:53+00:00","dateModified":"2024-05-16T16:43:55+00:00","mainEntityOfPage":{"@id":"https:\/\/nhcoa.org\/es\/mes-de-los-adultos-mayores-un-llamado-a-cerrar-la-brecha-digital\/"},"wordCount":663,"image":{"@id":"https:\/\/nhcoa.org\/es\/mes-de-los-adultos-mayores-un-llamado-a-cerrar-la-brecha-digital\/#primaryimage"},"thumbnailUrl":"https:\/\/nhcoa.org\/es\/wp-content\/uploads\/2024\/05\/Blog-header-2024-05-16T102607.487.png","keywords":["ACL","adultos mayores","brecha digital","celebraci\u00f3n","Mes del Adulto Mayor","tecnolog\u00eda"],"articleSection":["Blog"],"inLanguage":"en-US"},{"@type":"WebPage","@id":"https:\/\/nhcoa.org\/es\/mes-de-los-adultos-mayores-un-llamado-a-cerrar-la-brecha-digital\/","url":"https:\/\/nhcoa.org\/es\/mes-de-los-adultos-mayores-un-llamado-a-cerrar-la-brecha-digital\/","name":"Mes de los Adultos Mayores: Un llamado a cerrar la Brecha Digital - NHCOA","isPartOf":{"@id":"https:\/\/nhcoa.org\/es\/#website"},"primaryImageOfPage":{"@id":"https:\/\/nhcoa.org\/es\/mes-de-los-adultos-mayores-un-llamado-a-cerrar-la-brecha-digital\/#primaryimage"},"image":{"@id":"https:\/\/nhcoa.org\/es\/mes-de-los-adultos-mayores-un-llamado-a-cerrar-la-brecha-digital\/#primaryimage"},"thumbnailUrl":"https:\/\/nhcoa.org\/es\/wp-content\/uploads\/2024\/05\/Blog-header-2024-05-16T102607.487.png","datePublished":"2024-05-16T16:43:53+00:00","dateModified":"2024-05-16T16:43:55+00:00","author":{"@id":"https:\/\/nhcoa.org\/es\/#\/schema\/person\/af97334cbd12a949fea7291405d4a890"},"breadcrumb":{"@id":"https:\/\/nhcoa.org\/es\/mes-de-los-adultos-mayores-un-llamado-a-cerrar-la-brecha-digital\/#breadcrumb"},"inLanguage":"en-US","potentialAction":[{"@type":"ReadAction","target":["https:\/\/nhcoa.org\/es\/mes-de-los-adultos-mayores-un-llamado-a-cerrar-la-brecha-digital\/"]}]},{"@type":"BreadcrumbList","@id":"https:\/\/nhcoa.org\/es\/mes-de-los-adultos-mayores-un-llamado-a-cerrar-la-brecha-digital\/#breadcrumb","itemListElement":[{"@type":"ListItem","position":1,"name":"Home","item":"https:\/\/nhcoa.org\/es\/"},{"@type":"ListItem","position":2,"name":"Mes de los Adultos Mayores: Un llamado a cerrar la Brecha Digital"}]},{"@type":"WebSite","@id":"https:\/\/nhcoa.org\/es\/#website","url":"https:\/\/nhcoa.org\/es\/","name":"NHCOA","description":"Improving lives of hispanic and latino older adults.","potentialAction":[{"@type":"SearchAction","target":{"@type":"EntryPoint","urlTemplate":"https:\/\/nhcoa.org\/es\/?s={search_term_string}"},"query-input":{"@type":"PropertyValueSpecification","valueRequired":true,"valueName":"search_term_string"}}],"inLanguage":"en-US"},{"@type":"Person","@id":"https:\/\/nhcoa.org\/es\/#\/schema\/person\/af97334cbd12a949fea7291405d4a890","name":"nhcoa_media","url":"https:\/\/nhcoa.org\/es\/author\/nhcoa_media\/"}]}},"_links":{"self":[{"href":"https:\/\/nhcoa.org\/es\/wp-json\/wp\/v2\/posts\/14074","targetHints":{"allow":["GET"]}}],"collection":[{"href":"https:\/\/nhcoa.org\/es\/wp-json\/wp\/v2\/posts"}],"about":[{"href":"https:\/\/nhcoa.org\/es\/wp-json\/wp\/v2\/types\/post"}],"author":[{"embeddable":true,"href":"https:\/\/nhcoa.org\/es\/wp-json\/wp\/v2\/users\/2"}],"replies":[{"embeddable":true,"href":"https:\/\/nhcoa.org\/es\/wp-json\/wp\/v2\/comments?post=14074"}],"version-history":[{"count":1,"href":"https:\/\/nhcoa.org\/es\/wp-json\/wp\/v2\/posts\/14074\/revisions"}],"predecessor-version":[{"id":14075,"href":"https:\/\/nhcoa.org\/es\/wp-json\/wp\/v2\/posts\/14074\/revisions\/14075"}],"wp:featuredmedia":[{"embeddable":true,"href":"https:\/\/nhcoa.org\/es\/wp-json\/wp\/v2\/media\/14071"}],"wp:attachment":[{"href":"https:\/\/nhcoa.org\/es\/wp-json\/wp\/v2\/media?parent=14074"}],"wp:term":[{"taxonomy":"category","embeddable":true,"href":"https:\/\/nhcoa.org\/es\/wp-json\/wp\/v2\/categories?post=14074"},{"taxonomy":"post_tag","embeddable":true,"href":"https:\/\/nhcoa.org\/es\/wp-json\/wp\/v2\/tags?post=14074"}],"curies":[{"name":"wp","href":"https:\/\/api.w.org\/{rel}","templated":true}]}}