{"id":14125,"date":"2024-06-12T20:33:21","date_gmt":"2024-06-12T20:33:21","guid":{"rendered":"https:\/\/nhcoa.org\/es\/?p=14125"},"modified":"2024-06-12T20:33:23","modified_gmt":"2024-06-12T20:33:23","slug":"feliz-orgullo-2024-algunas-de-las-voces-latinas-que-estan-marcando-la-diferencia","status":"publish","type":"post","link":"https:\/\/nhcoa.org\/es\/feliz-orgullo-2024-algunas-de-las-voces-latinas-que-estan-marcando-la-diferencia\/","title":{"rendered":"Feliz Orgullo 2024: Algunas de las Voces Latinas que est\u00e1n marcando la Diferencia"},"content":{"rendered":"\n<figure class=\"wp-block-image aligncenter size-large is-resized\"><img loading=\"lazy\" decoding=\"async\" width=\"1024\" height=\"576\" src=\"https:\/\/nhcoa.org\/es\/wp-content\/uploads\/2024\/06\/Blog-header-2024-06-06T095652.716-1024x576.png\" alt=\"\" class=\"wp-image-14126\" style=\"width:500px\" srcset=\"https:\/\/nhcoa.org\/es\/wp-content\/uploads\/2024\/06\/Blog-header-2024-06-06T095652.716-980x551.png 980w, https:\/\/nhcoa.org\/es\/wp-content\/uploads\/2024\/06\/Blog-header-2024-06-06T095652.716-480x270.png 480w\" sizes=\"(min-width: 0px) and (max-width: 480px) 480px, (min-width: 481px) and (max-width: 980px) 980px, (min-width: 981px) 1024px, 100vw\" \/><\/figure>\n\n\n\n<p class=\"wp-block-paragraph\"><\/p>\n\n\n\n<p class=\"has-black-color has-text-color has-link-color wp-elements-1 wp-block-paragraph\" style=\"font-size:15px\">\u00a1Feliz Mes del Orgullo 2024! Este a\u00f1o, NHCOA reflexiona sobre las muchas voces Hispanas\/Latinas LGBT que hacen ruido en sus \u00e1mbitos y trabajan por un futuro mejor para sus comunidades. He aqu\u00ed cinco personas influyentes para tener en cuenta y admirar durante las celebraciones del Mes del Orgullo 2024.<\/p>\n\n\n\n<p class=\"wp-block-paragraph\"><\/p>\n\n\n\n<p class=\"has-black-color has-text-color has-link-color wp-elements-2 wp-block-paragraph\" style=\"font-size:15px\">\u29bf <strong>Arely Westley Kafati<\/strong><\/p>\n\n\n\n<p class=\"has-black-color has-text-color has-link-color wp-elements-3 wp-block-paragraph\" style=\"font-size:15px\">El 31 de marzo, la Asociaci\u00f3n de Derechos Humanos Robert F. Kennedy <a href=\"https:\/\/rfkhumanrights.org\/press\/robert-f-kennedy-human-rights-announces-arely-westley-as-the-2024-human-rights-award-laureate\/\">anunci\u00f3 a Arely Westley Kafati como la ganadora del Premio de Derechos Humanos 2024<\/a>. <strong>Es una defensora de las comunidades de inmigrantes, Hispanos\/Latinos y LGBTQ+<\/strong>, y trabaja con organizaciones como Southeast Immigrant Rights Network, Asheboro Latinxs Services y Southeast Dignity Not Detention Coalition (SDND).<\/p>\n\n\n\n<p class=\"has-black-color has-text-color has-link-color wp-elements-4 wp-block-paragraph\" style=\"font-size:15px\">SDND es un grupo de organizaciones sin \u00e1nimo de lucro y organizaciones comunitarias cuya labor apoya los derechos de los inmigrantes. Como miembro de esta impresionante coalici\u00f3n, <strong>Arely Westly Kafati ha dirigido campa\u00f1as de cierre de centros de detenci\u00f3n del Departamento de Inmigraci\u00f3n y Aduanas (ICE), en un esfuerzo encomiable por evitar que los inmigrantes sufran un mal trato y garantizar que sean respetados y tratados con dignidad.<\/strong><\/p>\n\n\n\n<p class=\"has-black-color has-text-color has-link-color wp-elements-5 wp-block-paragraph\" style=\"font-size:15px\">Al aceptar el premio, Arely lo hizo en nombre de la comunidad trans y de los pueblos ind\u00edgenas.<\/p>\n\n\n\n<p class=\"wp-block-paragraph\"><\/p>\n\n\n\n<p class=\"has-black-color has-text-color has-link-color wp-elements-6 wp-block-paragraph\" style=\"font-size:15px\">\u29bf <strong>Jennicet Guti\u00e9rrez<\/strong><\/p>\n\n\n\n<p class=\"has-black-color has-text-color has-link-color wp-elements-7 wp-block-paragraph\" style=\"font-size:15px\">Jennicet Guti\u00e9rrez es otra <strong>activista a favor de los derechos de las personas transg\u00e9nero y los inmigrantes<\/strong>. Comenz\u00f3 su trayectoria como activista trans latina en 2015, y desde entonces se ha convertido en miembro fundador de la <strong><a href=\"Familia: Movimiento de Liberaci\u00f3n Trans Queer (TQLM)\">Familia: Movimiento de Liberaci\u00f3n Trans Queer (TQLM)<\/a>.<\/strong><\/p>\n\n\n\n<p class=\"has-black-color has-text-color has-link-color wp-elements-8 wp-block-paragraph\" style=\"font-size:15px\">Familia: TQLM es una organizaci\u00f3n que trabaja con la visi\u00f3n de la liberaci\u00f3n colectiva para &#8220;latinxs trans, queer y de g\u00e9nero no conforme a trav\u00e9s de la construcci\u00f3n de la comunidad, la organizaci\u00f3n, la defensa y la educaci\u00f3n.&#8221;<\/p>\n\n\n\n<p class=\"wp-block-paragraph\"><\/p>\n\n\n\n<p class=\"has-black-color has-text-color has-link-color wp-elements-9 wp-block-paragraph\" style=\"font-size:15px\">\u29bf <strong>Maite D. Oronoz Rodr\u00edguez<\/strong><\/p>\n\n\n\n<p class=\"has-black-color has-text-color has-link-color wp-elements-10 wp-block-paragraph\" style=\"font-size:15px\">La <a href=\"https:\/\/poderjudicial.pr\/tribunal-supremo\/composicion-del-tribunal-supremo\/hon-maite-d-oronoz-rodriguez\/\">Honorable Maite D. Oronoz Rodr\u00edguez<\/a> es la <strong>primera persona abiertamente LGBTQ+ en convertirse en Presidenta del Tribunal Supremo de los Estados Unidos<\/strong>. Fue juramentada como Presidenta del Tribunal Supremo de Puerto Rico en 2016, despu\u00e9s de una larga y experimentada carrera, incluyendo sus funciones anteriores como <strong>Fiscal General Adjunta y Fiscal General en funciones en el Departamento de Justicia del Estado Libre Asociado de Puerto Rico<\/strong>.<\/p>\n\n\n\n<p class=\"has-black-color has-text-color has-link-color wp-elements-11 wp-block-paragraph\" style=\"font-size:15px\">En la actualidad ejerce como presidenta de la <strong>Comisi\u00f3n Asesora de Acceso a la Justicia y de la Comisi\u00f3n de Igualdad y G\u00e9nero de la Judicatura<\/strong>, y como comisionada de la Comisi\u00f3n Permanente de G\u00e9nero y Acceso a la Justicia de la Cumbre Judicial Iberoamericana. Oronoz Rodr\u00edguez se ha convertido en <strong>una voz influyente en el mundo en apoyo de la igualdad de g\u00e9nero y contra la violencia de g\u00e9nero.<\/strong><\/p>\n\n\n\n<p class=\"wp-block-paragraph\"><\/p>\n\n\n\n<p class=\"has-black-color has-text-color has-link-color wp-elements-12 wp-block-paragraph\" style=\"font-size:15px\">\u29bf <strong>Robert Garcia<\/strong><\/p>\n\n\n\n<p class=\"has-black-color has-text-color has-link-color wp-elements-13 wp-block-paragraph\" style=\"font-size:15px\"><strong>El primer latino, abiertamente LGBTQ+ y el m\u00e1s joven en ser elegido alcalde de Long Beach, California,<\/strong><a href=\"https:\/\/robertgarcia.house.gov\/about\"><strong> <\/strong>Robert Garc\u00eda, es tambi\u00e9n el primer peruano-estadounidense en ser elegido al Congreso<\/a>. Garc\u00eda desempe\u00f1\u00f3 el cargo de alcalde de Long Beach de 2014 a 2022, cuando fue elegido miembro de la C\u00e1mara de Representantes de los Estados Unidos. \u00c9l representa el Distrito 42 del Congreso de California.<\/p>\n\n\n\n<p class=\"has-black-color has-text-color has-link-color wp-elements-14 wp-block-paragraph\" style=\"font-size:15px\">Durante su mandato como alcalde de Long Beach, Garc\u00eda puso en marcha programas progresivos como el colegio comunitario gratuito y la renta universal b\u00e1sica para madres solteras trabajadoras. Bajo su liderazgo, Long Beach tambi\u00e9n obtuvo reconocimiento nacional por sus medidas de seguridad COVID-19. Desde que fue elegido Congresista,<strong> ha hecho gran hincapi\u00e9 en abordar la violencia armada, la contaminaci\u00f3n de los buques oce\u00e1nicos y la vivienda accesible.<\/strong><\/p>\n\n\n\n<p class=\"wp-block-paragraph\"><\/p>\n\n\n\n<p class=\"has-black-color has-text-color has-link-color wp-elements-15 wp-block-paragraph\" style=\"font-size:15px\">\u29bf <strong>Isa Noyola<\/strong><\/p>\n\n\n\n<p class=\"has-black-color has-text-color has-link-color wp-elements-16 wp-block-paragraph\" style=\"font-size:15px\"><a href=\"https:\/\/www.fordfoundation.org\/news-and-stories\/big-ideas\/the-future-is-hers\/isa-noyola\/\">Isa Noyola es la Directora de Programas del Transgender Law Center, organizaci\u00f3n beneficiaria de una subvenci\u00f3n Ford<\/a>. Ha sido durante mucho tiempo una activista por los <strong>derechos de las personas transg\u00e9nero, y en su cargo actual trabaja para garantizar que sus estrategias program\u00e1ticas complementen los objetivos de la incidencia de la organizaci\u00f3n en la legislaci\u00f3n y la pol\u00edtica estadounidense<\/strong>. Bajo la direcci\u00f3n de Noyola, estos programas pretenden empoderar a las personas trans tanto en comunidades urbanas como rurales.<\/p>\n\n\n\n<p class=\"has-black-color has-text-color has-link-color wp-elements-17 wp-block-paragraph\" style=\"font-size:15px\">Al igual que sus compa\u00f1eros activistas de esta lista, Noyola no s\u00f3lo aboga por los derechos de las personas transg\u00e9nero, sino tambi\u00e9n por los derechos de los inmigrantes, ya que ve una evidente intersecci\u00f3n de maltrato y violencia.<\/p>\n","protected":false},"excerpt":{"rendered":"<p>\u00a1Feliz Mes del Orgullo 2024! Este a\u00f1o, NHCOA reflexiona sobre las muchas voces Hispanas\/Latinas LGBT que hacen ruido en sus \u00e1mbitos y trabajan por un futuro mejor para sus comunidades. He aqu\u00ed cinco personas influyentes para tener en cuenta y admirar durante las celebraciones del Mes del Orgullo 2024. \u29bf Arely Westley Kafati El 31 [&hellip;]<\/p>\n","protected":false},"author":2,"featured_media":14126,"comment_status":"closed","ping_status":"closed","sticky":false,"template":"","format":"standard","meta":{"_et_pb_use_builder":"off","_et_pb_old_content":"","_et_gb_content_width":"","cybocfi_hide_featured_image":"yes","footnotes":""},"categories":[9],"tags":[307,305,11,40,301,125,306],"class_list":["post-14125","post","type-post","status-publish","format-standard","has-post-thumbnail","hentry","category-blog","tag-activistas","tag-derechos-gay","tag-latinos","tag-lgbt","tag-lgbtq","tag-orgullo","tag-voces"],"yoast_head":"<!-- This site is optimized with the Yoast SEO plugin v28.4 - https:\/\/yoast.com\/product\/yoast-seo-wordpress\/ -->\n<title>Feliz Orgullo 2024: Algunas de las Voces Latinas que est\u00e1n marcando la Diferencia - NHCOA<\/title>\n<meta name=\"robots\" content=\"index, follow, max-snippet:-1, max-image-preview:large, max-video-preview:-1\" \/>\n<link rel=\"canonical\" href=\"https:\/\/nhcoa.org\/es\/feliz-orgullo-2024-algunas-de-las-voces-latinas-que-estan-marcando-la-diferencia\/\" \/>\n<meta property=\"og:locale\" content=\"en_US\" \/>\n<meta property=\"og:type\" content=\"article\" \/>\n<meta property=\"og:title\" content=\"Feliz Orgullo 2024: Algunas de las Voces Latinas que est\u00e1n marcando la Diferencia - NHCOA\" \/>\n<meta property=\"og:description\" content=\"\u00a1Feliz Mes del Orgullo 2024! Este a\u00f1o, NHCOA reflexiona sobre las muchas voces Hispanas\/Latinas LGBT que hacen ruido en sus \u00e1mbitos y trabajan por un futuro mejor para sus comunidades. He aqu\u00ed cinco personas influyentes para tener en cuenta y admirar durante las celebraciones del Mes del Orgullo 2024. \u29bf Arely Westley Kafati El 31 [&hellip;]\" \/>\n<meta property=\"og:url\" content=\"https:\/\/nhcoa.org\/es\/feliz-orgullo-2024-algunas-de-las-voces-latinas-que-estan-marcando-la-diferencia\/\" \/>\n<meta property=\"og:site_name\" content=\"NHCOA\" \/>\n<meta property=\"article:published_time\" content=\"2024-06-12T20:33:21+00:00\" \/>\n<meta property=\"article:modified_time\" content=\"2024-06-12T20:33:23+00:00\" \/>\n<meta property=\"og:image\" content=\"https:\/\/nhcoa.org\/es\/wp-content\/uploads\/2024\/06\/Blog-header-2024-06-06T095652.716.png\" \/>\n\t<meta property=\"og:image:width\" content=\"1600\" \/>\n\t<meta property=\"og:image:height\" content=\"900\" \/>\n\t<meta property=\"og:image:type\" content=\"image\/png\" \/>\n<meta name=\"author\" content=\"nhcoa_media\" \/>\n<meta name=\"twitter:card\" content=\"summary_large_image\" \/>\n<meta name=\"twitter:label1\" content=\"Written by\" \/>\n\t<meta name=\"twitter:data1\" content=\"nhcoa_media\" \/>\n\t<meta name=\"twitter:label2\" content=\"Est. reading time\" \/>\n\t<meta name=\"twitter:data2\" content=\"4 minutes\" \/>\n<script type=\"application\/ld+json\" class=\"yoast-schema-graph\">{\"@context\":\"https:\\\/\\\/schema.org\",\"@graph\":[{\"@type\":\"Article\",\"@id\":\"https:\\\/\\\/nhcoa.org\\\/es\\\/feliz-orgullo-2024-algunas-de-las-voces-latinas-que-estan-marcando-la-diferencia\\\/#article\",\"isPartOf\":{\"@id\":\"https:\\\/\\\/nhcoa.org\\\/es\\\/feliz-orgullo-2024-algunas-de-las-voces-latinas-que-estan-marcando-la-diferencia\\\/\"},\"author\":{\"name\":\"nhcoa_media\",\"@id\":\"https:\\\/\\\/nhcoa.org\\\/es\\\/#\\\/schema\\\/person\\\/af97334cbd12a949fea7291405d4a890\"},\"headline\":\"Feliz Orgullo 2024: Algunas de las Voces Latinas que est\u00e1n marcando la Diferencia\",\"datePublished\":\"2024-06-12T20:33:21+00:00\",\"dateModified\":\"2024-06-12T20:33:23+00:00\",\"mainEntityOfPage\":{\"@id\":\"https:\\\/\\\/nhcoa.org\\\/es\\\/feliz-orgullo-2024-algunas-de-las-voces-latinas-que-estan-marcando-la-diferencia\\\/\"},\"wordCount\":729,\"image\":{\"@id\":\"https:\\\/\\\/nhcoa.org\\\/es\\\/feliz-orgullo-2024-algunas-de-las-voces-latinas-que-estan-marcando-la-diferencia\\\/#primaryimage\"},\"thumbnailUrl\":\"https:\\\/\\\/nhcoa.org\\\/es\\\/wp-content\\\/uploads\\\/2024\\\/06\\\/Blog-header-2024-06-06T095652.716.png\",\"keywords\":[\"activistas\",\"derechos gay\",\"latinos\",\"LGBT\",\"LGBTQ+\",\"orgullo\",\"voces\"],\"articleSection\":[\"Blog\"],\"inLanguage\":\"en-US\"},{\"@type\":\"WebPage\",\"@id\":\"https:\\\/\\\/nhcoa.org\\\/es\\\/feliz-orgullo-2024-algunas-de-las-voces-latinas-que-estan-marcando-la-diferencia\\\/\",\"url\":\"https:\\\/\\\/nhcoa.org\\\/es\\\/feliz-orgullo-2024-algunas-de-las-voces-latinas-que-estan-marcando-la-diferencia\\\/\",\"name\":\"Feliz Orgullo 2024: Algunas de las Voces Latinas que est\u00e1n marcando la Diferencia - NHCOA\",\"isPartOf\":{\"@id\":\"https:\\\/\\\/nhcoa.org\\\/es\\\/#website\"},\"primaryImageOfPage\":{\"@id\":\"https:\\\/\\\/nhcoa.org\\\/es\\\/feliz-orgullo-2024-algunas-de-las-voces-latinas-que-estan-marcando-la-diferencia\\\/#primaryimage\"},\"image\":{\"@id\":\"https:\\\/\\\/nhcoa.org\\\/es\\\/feliz-orgullo-2024-algunas-de-las-voces-latinas-que-estan-marcando-la-diferencia\\\/#primaryimage\"},\"thumbnailUrl\":\"https:\\\/\\\/nhcoa.org\\\/es\\\/wp-content\\\/uploads\\\/2024\\\/06\\\/Blog-header-2024-06-06T095652.716.png\",\"datePublished\":\"2024-06-12T20:33:21+00:00\",\"dateModified\":\"2024-06-12T20:33:23+00:00\",\"author\":{\"@id\":\"https:\\\/\\\/nhcoa.org\\\/es\\\/#\\\/schema\\\/person\\\/af97334cbd12a949fea7291405d4a890\"},\"breadcrumb\":{\"@id\":\"https:\\\/\\\/nhcoa.org\\\/es\\\/feliz-orgullo-2024-algunas-de-las-voces-latinas-que-estan-marcando-la-diferencia\\\/#breadcrumb\"},\"inLanguage\":\"en-US\",\"potentialAction\":[{\"@type\":\"ReadAction\",\"target\":[\"https:\\\/\\\/nhcoa.org\\\/es\\\/feliz-orgullo-2024-algunas-de-las-voces-latinas-que-estan-marcando-la-diferencia\\\/\"]}]},{\"@type\":\"BreadcrumbList\",\"@id\":\"https:\\\/\\\/nhcoa.org\\\/es\\\/feliz-orgullo-2024-algunas-de-las-voces-latinas-que-estan-marcando-la-diferencia\\\/#breadcrumb\",\"itemListElement\":[{\"@type\":\"ListItem\",\"position\":1,\"name\":\"Home\",\"item\":\"https:\\\/\\\/nhcoa.org\\\/es\\\/\"},{\"@type\":\"ListItem\",\"position\":2,\"name\":\"Feliz Orgullo 2024: Algunas de las Voces Latinas que est\u00e1n marcando la Diferencia\"}]},{\"@type\":\"WebSite\",\"@id\":\"https:\\\/\\\/nhcoa.org\\\/es\\\/#website\",\"url\":\"https:\\\/\\\/nhcoa.org\\\/es\\\/\",\"name\":\"NHCOA\",\"description\":\"Improving lives of hispanic and latino older adults.\",\"potentialAction\":[{\"@type\":\"SearchAction\",\"target\":{\"@type\":\"EntryPoint\",\"urlTemplate\":\"https:\\\/\\\/nhcoa.org\\\/es\\\/?s={search_term_string}\"},\"query-input\":{\"@type\":\"PropertyValueSpecification\",\"valueRequired\":true,\"valueName\":\"search_term_string\"}}],\"inLanguage\":\"en-US\"},{\"@type\":\"Person\",\"@id\":\"https:\\\/\\\/nhcoa.org\\\/es\\\/#\\\/schema\\\/person\\\/af97334cbd12a949fea7291405d4a890\",\"name\":\"nhcoa_media\",\"url\":\"https:\\\/\\\/nhcoa.org\\\/es\\\/author\\\/nhcoa_media\\\/\"}]}<\/script>\n<!-- \/ Yoast SEO plugin. -->","yoast_head_json":{"title":"Feliz Orgullo 2024: Algunas de las Voces Latinas que est\u00e1n marcando la Diferencia - NHCOA","robots":{"index":"index","follow":"follow","max-snippet":"max-snippet:-1","max-image-preview":"max-image-preview:large","max-video-preview":"max-video-preview:-1"},"canonical":"https:\/\/nhcoa.org\/es\/feliz-orgullo-2024-algunas-de-las-voces-latinas-que-estan-marcando-la-diferencia\/","og_locale":"en_US","og_type":"article","og_title":"Feliz Orgullo 2024: Algunas de las Voces Latinas que est\u00e1n marcando la Diferencia - NHCOA","og_description":"\u00a1Feliz Mes del Orgullo 2024! Este a\u00f1o, NHCOA reflexiona sobre las muchas voces Hispanas\/Latinas LGBT que hacen ruido en sus \u00e1mbitos y trabajan por un futuro mejor para sus comunidades. He aqu\u00ed cinco personas influyentes para tener en cuenta y admirar durante las celebraciones del Mes del Orgullo 2024. \u29bf Arely Westley Kafati El 31 [&hellip;]","og_url":"https:\/\/nhcoa.org\/es\/feliz-orgullo-2024-algunas-de-las-voces-latinas-que-estan-marcando-la-diferencia\/","og_site_name":"NHCOA","article_published_time":"2024-06-12T20:33:21+00:00","article_modified_time":"2024-06-12T20:33:23+00:00","og_image":[{"width":1600,"height":900,"url":"https:\/\/nhcoa.org\/es\/wp-content\/uploads\/2024\/06\/Blog-header-2024-06-06T095652.716.png","type":"image\/png"}],"author":"nhcoa_media","twitter_card":"summary_large_image","twitter_misc":{"Written by":"nhcoa_media","Est. reading time":"4 minutes"},"schema":{"@context":"https:\/\/schema.org","@graph":[{"@type":"Article","@id":"https:\/\/nhcoa.org\/es\/feliz-orgullo-2024-algunas-de-las-voces-latinas-que-estan-marcando-la-diferencia\/#article","isPartOf":{"@id":"https:\/\/nhcoa.org\/es\/feliz-orgullo-2024-algunas-de-las-voces-latinas-que-estan-marcando-la-diferencia\/"},"author":{"name":"nhcoa_media","@id":"https:\/\/nhcoa.org\/es\/#\/schema\/person\/af97334cbd12a949fea7291405d4a890"},"headline":"Feliz Orgullo 2024: Algunas de las Voces Latinas que est\u00e1n marcando la Diferencia","datePublished":"2024-06-12T20:33:21+00:00","dateModified":"2024-06-12T20:33:23+00:00","mainEntityOfPage":{"@id":"https:\/\/nhcoa.org\/es\/feliz-orgullo-2024-algunas-de-las-voces-latinas-que-estan-marcando-la-diferencia\/"},"wordCount":729,"image":{"@id":"https:\/\/nhcoa.org\/es\/feliz-orgullo-2024-algunas-de-las-voces-latinas-que-estan-marcando-la-diferencia\/#primaryimage"},"thumbnailUrl":"https:\/\/nhcoa.org\/es\/wp-content\/uploads\/2024\/06\/Blog-header-2024-06-06T095652.716.png","keywords":["activistas","derechos gay","latinos","LGBT","LGBTQ+","orgullo","voces"],"articleSection":["Blog"],"inLanguage":"en-US"},{"@type":"WebPage","@id":"https:\/\/nhcoa.org\/es\/feliz-orgullo-2024-algunas-de-las-voces-latinas-que-estan-marcando-la-diferencia\/","url":"https:\/\/nhcoa.org\/es\/feliz-orgullo-2024-algunas-de-las-voces-latinas-que-estan-marcando-la-diferencia\/","name":"Feliz Orgullo 2024: Algunas de las Voces Latinas que est\u00e1n marcando la Diferencia - NHCOA","isPartOf":{"@id":"https:\/\/nhcoa.org\/es\/#website"},"primaryImageOfPage":{"@id":"https:\/\/nhcoa.org\/es\/feliz-orgullo-2024-algunas-de-las-voces-latinas-que-estan-marcando-la-diferencia\/#primaryimage"},"image":{"@id":"https:\/\/nhcoa.org\/es\/feliz-orgullo-2024-algunas-de-las-voces-latinas-que-estan-marcando-la-diferencia\/#primaryimage"},"thumbnailUrl":"https:\/\/nhcoa.org\/es\/wp-content\/uploads\/2024\/06\/Blog-header-2024-06-06T095652.716.png","datePublished":"2024-06-12T20:33:21+00:00","dateModified":"2024-06-12T20:33:23+00:00","author":{"@id":"https:\/\/nhcoa.org\/es\/#\/schema\/person\/af97334cbd12a949fea7291405d4a890"},"breadcrumb":{"@id":"https:\/\/nhcoa.org\/es\/feliz-orgullo-2024-algunas-de-las-voces-latinas-que-estan-marcando-la-diferencia\/#breadcrumb"},"inLanguage":"en-US","potentialAction":[{"@type":"ReadAction","target":["https:\/\/nhcoa.org\/es\/feliz-orgullo-2024-algunas-de-las-voces-latinas-que-estan-marcando-la-diferencia\/"]}]},{"@type":"BreadcrumbList","@id":"https:\/\/nhcoa.org\/es\/feliz-orgullo-2024-algunas-de-las-voces-latinas-que-estan-marcando-la-diferencia\/#breadcrumb","itemListElement":[{"@type":"ListItem","position":1,"name":"Home","item":"https:\/\/nhcoa.org\/es\/"},{"@type":"ListItem","position":2,"name":"Feliz Orgullo 2024: Algunas de las Voces Latinas que est\u00e1n marcando la Diferencia"}]},{"@type":"WebSite","@id":"https:\/\/nhcoa.org\/es\/#website","url":"https:\/\/nhcoa.org\/es\/","name":"NHCOA","description":"Improving lives of hispanic and latino older adults.","potentialAction":[{"@type":"SearchAction","target":{"@type":"EntryPoint","urlTemplate":"https:\/\/nhcoa.org\/es\/?s={search_term_string}"},"query-input":{"@type":"PropertyValueSpecification","valueRequired":true,"valueName":"search_term_string"}}],"inLanguage":"en-US"},{"@type":"Person","@id":"https:\/\/nhcoa.org\/es\/#\/schema\/person\/af97334cbd12a949fea7291405d4a890","name":"nhcoa_media","url":"https:\/\/nhcoa.org\/es\/author\/nhcoa_media\/"}]}},"_links":{"self":[{"href":"https:\/\/nhcoa.org\/es\/wp-json\/wp\/v2\/posts\/14125","targetHints":{"allow":["GET"]}}],"collection":[{"href":"https:\/\/nhcoa.org\/es\/wp-json\/wp\/v2\/posts"}],"about":[{"href":"https:\/\/nhcoa.org\/es\/wp-json\/wp\/v2\/types\/post"}],"author":[{"embeddable":true,"href":"https:\/\/nhcoa.org\/es\/wp-json\/wp\/v2\/users\/2"}],"replies":[{"embeddable":true,"href":"https:\/\/nhcoa.org\/es\/wp-json\/wp\/v2\/comments?post=14125"}],"version-history":[{"count":1,"href":"https:\/\/nhcoa.org\/es\/wp-json\/wp\/v2\/posts\/14125\/revisions"}],"predecessor-version":[{"id":14127,"href":"https:\/\/nhcoa.org\/es\/wp-json\/wp\/v2\/posts\/14125\/revisions\/14127"}],"wp:featuredmedia":[{"embeddable":true,"href":"https:\/\/nhcoa.org\/es\/wp-json\/wp\/v2\/media\/14126"}],"wp:attachment":[{"href":"https:\/\/nhcoa.org\/es\/wp-json\/wp\/v2\/media?parent=14125"}],"wp:term":[{"taxonomy":"category","embeddable":true,"href":"https:\/\/nhcoa.org\/es\/wp-json\/wp\/v2\/categories?post=14125"},{"taxonomy":"post_tag","embeddable":true,"href":"https:\/\/nhcoa.org\/es\/wp-json\/wp\/v2\/tags?post=14125"}],"curies":[{"name":"wp","href":"https:\/\/api.w.org\/{rel}","templated":true}]}}